{"id":680,"date":"2016-02-21T14:02:51","date_gmt":"2016-02-21T13:02:51","guid":{"rendered":"http:\/\/agatakus.pl\/?p=680"},"modified":"2016-04-25T14:36:31","modified_gmt":"2016-04-25T12:36:31","slug":"spotkanie-z-agata-kus-i-koncert-michala-dymnego-przetwornik-mpz","status":"publish","type":"post","link":"https:\/\/agatakus.pl\/?p=680","title":{"rendered":"Spotkanie z Agat\u0105 Kus i koncert Micha\u0142a Dymnego | &#8222;Przetwornik&#8221;- MPZ"},"content":{"rendered":"<div id=\"event_summary\" data-referrer=\"event_summary\">\n<div class=\"_4-u2 mbm _5vl5 _4-u8\">\n<ul class=\"uiList _4kg _4ks\">\n<li class=\"_3slj\">\n<div class=\"_36hm\">\n<div class=\"_4bl7 prs\"><a href=\"https:\/\/www.facebook.com\/events\/calendar?adjusted_ts=1456473600&amp;open_popup_on_init=1\" rel=\"dialog\">26 luty<\/a><\/div>\n<div class=\"_4bl7\">o godzinie 19:00<\/div>\n<div class=\"_4bl7\">\n<p><a id=\"u_jsonp_30_p\" class=\"_5xhk\" href=\"https:\/\/www.facebook.com\/MiejsceProjektowZachety\/\" data-hovercard=\"\/ajax\/hovercard\/page.php?id=404227959639936\">Miejsce Projekt\u00f3w Zach\u0119ty<\/a><\/p>\n<div class=\"_5xhp fsm fwn fcg\">ul. Ga\u0142czy\u0144skiego 3, 00-362 Warszawa<\/div>\n<div class=\"_5xhp fsm fwn fcg\">\n<table class=\"uiGrid _51mz\" cellspacing=\"0\" cellpadding=\"0\">\n<tbody>\n<tr class=\"_51mx\">\n<td class=\"_51m- _51mw\">\n<div class=\"clearfix _4930\">\n<div class=\"_xkg rfloat _ohf\">\n<div>\n<div id=\"u_jsonp_30_n\">\n<div class=\"_6a\">\n<div class=\"_6a _6b\"><a href=\"https:\/\/www.facebook.com\/events\/1040085519368440\/#\">Poka\u017c map\u0119<\/a><\/div>\n<\/div>\n<\/div>\n<\/div>\n<\/div>\n<\/div>\n<\/td>\n<\/tr>\n<\/tbody>\n<\/table>\n<\/div>\n<\/div>\n<div class=\"_4bl7\"><\/div>\n<\/div>\n<\/li>\n<li class=\"_3xd0 _3slj\">\n<div id=\"u_jsonp_30_m\" class=\"_36hm _5cmn\">Zapraszamy na spotkanie i koncert towarzysz\u0105ce wystawie Agaty Kus i Micha\u0142a Dymnego &#8222;Przetwornik&#8221;. Artystka wizualna, Agata Kus, opowie zar\u00f3wno o swoich najnowszych, jak i wcze\u015bniejszych pracach, inspiracjach oraz planach. Po dyskusji odb\u0119dzie si\u0119 koncert Micha\u0142a Dymnego, kompozytora i muzyka s\u0142yn\u0105cego z improwizacji.<\/div>\n<\/li>\n<\/ul>\n<\/div>\n<\/div>\n<div id=\"event_tabs\">\n<div id=\"event_description\" data-referrer=\"event_description\">\n<div class=\"_1w2q\">\u00a0<a href=\"http:\/\/agatakus.pl\/wp-content\/uploads\/2016\/02\/12790850_1321825217835063_5855851954048103595_n.jpg\" rel=\"attachment wp-att-906\"><img loading=\"lazy\" decoding=\"async\" class=\"aligncenter size-full wp-image-906\" src=\"https:\/\/agatakus.pl\/wp-content\/uploads\/2016\/02\/12790850_1321825217835063_5855851954048103595_n.jpg\" alt=\"12790850_1321825217835063_5855851954048103595_n\" width=\"960\" height=\"720\" srcset=\"https:\/\/agatakus.pl\/wp-content\/uploads\/2016\/02\/12790850_1321825217835063_5855851954048103595_n.jpg 960w, https:\/\/agatakus.pl\/wp-content\/uploads\/2016\/02\/12790850_1321825217835063_5855851954048103595_n-300x225.jpg 300w, https:\/\/agatakus.pl\/wp-content\/uploads\/2016\/02\/12790850_1321825217835063_5855851954048103595_n-768x576.jpg 768w\" sizes=\"auto, (max-width: 960px) 100vw, 960px\" \/><\/a><\/div>\n<div class=\"_1w2q\"><a href=\"http:\/\/agatakus.pl\/wp-content\/uploads\/2016\/01\/pr.jpg\"><img loading=\"lazy\" decoding=\"async\" class=\"aligncenter wp-image-645\" src=\"https:\/\/agatakus.pl\/wp-content\/uploads\/2016\/01\/pr-1024x683.jpg\" alt=\"pr\" width=\"1138\" height=\"495\" \/><\/a><\/div>\n<\/div>\n<\/div>\n","protected":false},"excerpt":{"rendered":"<p>26 luty o godzinie 19:00 Miejsce Projekt\u00f3w Zach\u0119ty ul. Ga\u0142czy\u0144skiego 3, 00-362 Warszawa Poka\u017c map\u0119 Zapraszamy&hellip;<\/p>\n","protected":false},"author":1,"featured_media":684,"comment_status":"closed","ping_status":"open","sticky":false,"template":"","format":"standard","meta":{"footnotes":""},"categories":[6,8],"tags":[],"class_list":["post-680","post","type-post","status-publish","format-standard","has-post-thumbnail","hentry","category-events","category-news"],"_links":{"self":[{"href":"https:\/\/agatakus.pl\/index.php?rest_route=\/wp\/v2\/posts\/680","targetHints":{"allow":["GET"]}}],"collection":[{"href":"https:\/\/agatakus.pl\/index.php?rest_route=\/wp\/v2\/posts"}],"about":[{"href":"https:\/\/agatakus.pl\/index.php?rest_route=\/wp\/v2\/types\/post"}],"author":[{"embeddable":true,"href":"https:\/\/agatakus.pl\/index.php?rest_route=\/wp\/v2\/users\/1"}],"replies":[{"embeddable":true,"href":"https:\/\/agatakus.pl\/index.php?rest_route=%2Fwp%2Fv2%2Fcomments&post=680"}],"version-history":[{"count":3,"href":"https:\/\/agatakus.pl\/index.php?rest_route=\/wp\/v2\/posts\/680\/revisions"}],"predecessor-version":[{"id":907,"href":"https:\/\/agatakus.pl\/index.php?rest_route=\/wp\/v2\/posts\/680\/revisions\/907"}],"wp:featuredmedia":[{"embeddable":true,"href":"https:\/\/agatakus.pl\/index.php?rest_route=\/wp\/v2\/media\/684"}],"wp:attachment":[{"href":"https:\/\/agatakus.pl\/index.php?rest_route=%2Fwp%2Fv2%2Fmedia&parent=680"}],"wp:term":[{"taxonomy":"category","embeddable":true,"href":"https:\/\/agatakus.pl\/index.php?rest_route=%2Fwp%2Fv2%2Fcategories&post=680"},{"taxonomy":"post_tag","embeddable":true,"href":"https:\/\/agatakus.pl\/index.php?rest_route=%2Fwp%2Fv2%2Ftags&post=680"}],"curies":[{"name":"wp","href":"https:\/\/api.w.org\/{rel}","templated":true}]}}