{"id":687,"date":"2016-02-21T14:10:50","date_gmt":"2016-02-21T13:10:50","guid":{"rendered":"http:\/\/agatakus.pl\/?p=687"},"modified":"2016-02-21T14:13:18","modified_gmt":"2016-02-21T13:13:18","slug":"minimal-and-medium-z-cyklu-wro-2015-test-on-tour-wro-resume","status":"publish","type":"post","link":"https:\/\/agatakus.pl\/?p=687","title":{"rendered":"Minimal and Medium z cyklu WRO 2015 TEST on Tour WRO RESUME"},"content":{"rendered":"<div id=\"event_summary\" data-referrer=\"event_summary\">\n<div class=\"_4-u2 mbm _5vl5 _4-u8\">\n<ul class=\"uiList _4kg _4ks\">\n<li class=\"_3slj\">\n<div class=\"_36hm\">22 luty o 18:00 do 2 marca o 18:00<\/div>\n<\/li>\n<li class=\"_3slj\"><a id=\"u_jsonp_36_p\" class=\"_5xhk\" href=\"https:\/\/www.facebook.com\/galeria.aula\/\" data-hovercard=\"\/ajax\/hovercard\/page.php?id=1490631921224320\">Galeria Aula<\/a>\n<div class=\"_5xhp fsm fwn fcg\">Al. Marcinkowskiego 29, 60-967 Pozna\u0144<\/div>\n<\/li>\n<\/ul>\n<\/div>\n<\/div>\n<div id=\"event_owners_info\" data-referrer=\"event_owners_info\"><\/div>\n<div id=\"event_tabs\">\n<div id=\"event_description\" data-referrer=\"event_description\">\n<div class=\"_4-u2 _36i5 _4-u8\">\n<div class=\"_1w2q\">\n<p><span class=\"fsl\">Minimal and Medium z cyklu WRO 2015 TEST on Tour WRO RESUME<\/span><\/p>\n<p>wernisa\u017c 22.02.2016 godz. 18:00<br \/>\nwystawa czynna do 02.03.2016 w godz. 11:00 &#8211; 18:00<\/p>\n<p>Galeria AULA UAP<br \/>\nAl. Marcinkowskiego 29, Pozna\u0144<\/p>\n<p><a href=\"http:\/\/www.aula.uap.edu.pl\/\" target=\"_blank\" rel=\"nofollow nofollow\">www.aula.uap.edu.pl<\/a><br \/>\n<a href=\"http:\/\/wro2015.wrocenter.pl\/site\/pl\/exhibitions\/wro-2015-on-tour\/\" target=\"_blank\" rel=\"nofollow nofollow\">http:\/\/wro2015.wrocenter.pl\/site\/pl\/exhibitions\/wro-2015-on-tour\/<\/a><\/p>\n<\/div>\n<\/div>\n<\/div>\n<\/div>\n<div class=\"_1w2q\">\n<div class=\"storyheaders\">\n<h1 class=\"title\">WRO 2015 on Tour \u2013 Tekst kuratorski<\/h1>\n<\/div>\n<div class=\"content\">\n<p>Na\u00a0zako\u0144czenie ka\u017cdej z\u00a0dotychczasowych edycji Biennale WRO przygotowujemy podr\u00f3\u017cuj\u0105cy zestaw sk\u0142adaj\u0105cy si\u0119 z\u00a0prac wideo i\u00a0dokumentacji wybranych z\u00a0bogatego programu pokaz\u00f3w, wystaw i\u00a0performans\u00f3w, dzia\u0142a\u0144 i\u00a0zdarze\u0144, jakie odbywa\u0142y si\u0119 w\u00a0trakcie biennale we\u00a0Wroc\u0142awiu, przedstawiaj\u0105cy nie tylko najciekawsze prace i\u00a0ich autor\u00f3w, ale\u00a0tak\u017ce tematy i\u00a0zagadnienia wa\u017cne dla aktualnej sztuki. Tak jest i\u00a0w\u00a0tym roku. Do\u00a0pokaz\u00f3w WRO 2015 on Tour wybrali\u015bmy 29 prac wideo i\u00a013 wideodokumentacji, poprzez kt\u00f3re przedstawi\u0107 chcemy program 16 Biennale Sztuki Medi\u00f3w WRO 2015 Test Exposure. Ten obszerny zestaw zawiera pochodz\u0105ce z\u00a0ponad dwudziestu kraj\u00f3w prace powsta\u0142e w\u00a0okresie 2013-2015.<\/p>\n<p>Prace ekranowe daj\u0105 bogat\u0105 i\u00a0aktualn\u0105 panoram\u0119 zr\u00f3\u017cnicowanych postaw, zagadnie\u0144 i\u00a0estetyk obecnych w\u00a0najnowszej \u015bwiatowej tw\u00f3rczo\u015bci, od\u00a0eksperyment\u00f3w z\u00a0cia\u0142em, z\u00a0animacj\u0105 i\u00a0form\u0105 wideo, poprzez pe\u0142ne bogatej symboliki wizje filmowe, realizacje odnosz\u0105ce si\u0119 do\u00a0mechanizm\u00f3w medi\u00f3w spo\u0142eczno\u015bciowych obecnych w\u00a0realnym \u015bwiecie, po\u00a0oszcz\u0119dne, niemal dokumentalne zapisy przynosz\u0105ce bogate wsp\u00f3\u0142czesne spo\u0142eczne lub polityczne odniesienia. W\u00a0zestawie nie brakuje prac odnosz\u0105cych si\u0119 bezpo\u015brednio do\u00a0aktualnych zagadnie\u0144 sztuki, jak i\u00a0jej historii \u2013 minimal artu, sztuki ziemi, brutalizmu, performansu, a\u00a0wreszcie medialnej iluzji i\u00a0manipulacji.<\/p>\n<p>Ten r\u00f3\u017cnorodny zestaw spojony jest has\u0142em <em>Test Exposure<\/em>, przyj\u0119tym dla ca\u0142ego programu Biennale WRO 2015. Has\u0142o to\u00a0jednak wieloznaczne i\u00a0mo\u017ce okaza\u0107 si\u0119 zwodnicze; oznacza ekspozycj\u0119 testow\u0105, ale\u00a0te\u017c testuj\u0105c\u0105. Ju\u017c sam angielski termin exposure mo\u017ce oznacza\u0107 zar\u00f3wno wystawienie, wyeksponowanie i\u00a0na\u015bwietlenie, jak te\u017c ujawnienie, zdemaskowanie, obna\u017cenie, a\u00a0nawet nara\u017cenie na\u00a0szwank. I\u00a0w\u0142a\u015bnie program ostatniego Biennale WRO w\u00a0za\u0142o\u017ceniu by\u0142 takim wielostronnym testem, jakiemu sztuka najnowsza poddana zosta\u0142a w\u00a0kontakcie z\u00a0publiczno\u015bci\u0105, a\u00a0publiczno\u015b\u0107 w\u00a0kontakcie ze\u00a0sztuk\u0105, w\u00a0r\u00f3\u017cnych przestrzeniach, okoliczno\u015bciach i\u00a0kontekstach. To\u00a0swoisty test dla autonomii i\u00a0odporno\u015bci sztuki, kt\u00f3ra\u00a0b\u0119d\u0105c cz\u0119\u015bci\u0105 wsp\u00f3\u0142czesnego \u017cycia nara\u017cona jest nie tylko na\u00a0zakusy p\u0142yn\u0105ce z\u00a0takich obszar\u00f3w, jak polityka czy ekonomia, ale\u00a0te\u017c i\u00a0wyzwa\u0144 pochodz\u0105cych z\u00a0kultury popularnej formatuj\u0105cej nasze \u2013 publiczno\u015bci \u2013 oczekiwania, preferencje rozumienia oraz\u00a0nawyki estetyczne. Jak daje sobie rad\u0119 dzisiejsza sztuka wobec roszcze\u0144 atrakcyjno\u015bci i\u00a0zrozumia\u0142o\u015bci, jak b\u0119dzie przyj\u0119te przez publiczno\u015b\u0107 i\u00a0krytyk\u0119 to\u00a0co odbiega od\u00a0normy, mainstreamowego dyskursu, wymaga skupienia, samodzielnego odczytywania znacze\u0144, wreszcie po\u00a0prostu uwagi i\u00a0zaufania dla w\u0142asnej, czasem niepewnej siebie wra\u017cliwo\u015bci?<\/p>\n<p>Taki jest te\u017c w\u00a0za\u0142o\u017ceniach zestaw WRO 2015 on Tour, mo\u017cliwy zar\u00f3wno do\u00a0obejrzenia w\u00a0ca\u0142o\u015bci uj\u0119tej w\u00a03 pokazy, jak i\u00a0dost\u0119pny w\u00a0bardziej skr\u00f3towym, sygnalnym wyborze.<\/p>\n<\/div>\n<h2><\/h2>\n<p><strong>Agata Kus<\/strong> (PL)<\/p>\n<h6>Nagroda WRO 2015<\/h6>\n<p><em><a href=\"http:\/\/wro2015.wrocenter.pl\/site\/works\/mistress\/\">Kochanka<\/a>,\u00a0<\/em>wielokana\u0142owa instalacja wideo, 2014<\/p>\n<div class=\"content\">\n<div>Instalacja z\u0142o\u017cona z\u00a0ruchomych obraz\u00f3w, zrekonstruowanych na\u00a0podstawie oryginalnych, prywatnych fotografii kochanki komendanta obozu koncentracyjnego w\u00a0Krakowie. Artystka przebywaj\u0105c w\u00a0willi, przebiera si\u0119 za\u00a0Ruth i\u00a0odtwarza sceny, wype\u0142niaj\u0105c tym samym jej, nigdy niespe\u0142nione, marzenie o\u00a0byciu aktork\u0105 i\u00a0buduj\u0105c niepokoj\u0105cy obraz osobliwej historii kobiety, kt\u00f3ra\u00a0pr\u00f3bowa\u0142a wie\u015b\u0107 beztroskie \u017cycie w\u00a0centrum piek\u0142a, u\u00a0boku mordercy.<\/div>\n<\/div>\n<div><\/div>\n<p>&nbsp;<\/p>\n<div class=\"separator\"><span style=\"color: #0000ff;\"><em>Good Shape<\/em><\/span>, video, 2;27 min, 2014<\/div>\n<div><\/div>\n<div class=\"storyheaders\">\n<div>Wideo zosta\u0142o nakr\u0119cone na\u00a0granicy polsko-niemieckiej. Odnosi si\u0119 do\u00a0wsp\u00f3\u0142czesnej obsesji kobiet dbania o\u00a0w\u0142asne cia\u0142a i\u00a0dostosowywaniu ich do\u00a0sztucznych standard\u00f3w ustanowionych przez patriarchaln\u0105 kultur\u0119 masow\u0105. Inspiruje si\u0119 wizerunkiem dziewcz\u0105t z\u00a0niemieckiego narodowo-socjalistycznego ugrupowania \u201eWiara i\u00a0Pi\u0119kno\u201d, kt\u00f3rych\u00a0g\u0142\u00f3wnym zadaniem by\u0142o utrzymywanie dobrej kondycji fizycznej oraz\u00a0zdobywanie umiej\u0119tno\u015bci wzorowej pani domu.<\/div>\n<\/div>\n<div><\/div>\n<div><\/div>\n<div><a href=\"http:\/\/agatakus.pl\/wp-content\/uploads\/2015\/11\/good_SHAPE_STILL1.jpg\"><img loading=\"lazy\" decoding=\"async\" class=\"alignnone size-medium wp-image-122\" src=\"https:\/\/agatakus.pl\/wp-content\/uploads\/2015\/11\/good_SHAPE_STILL1-300x169.jpg\" alt=\"good_SHAPE_STILL1\" width=\"300\" height=\"169\" srcset=\"https:\/\/agatakus.pl\/wp-content\/uploads\/2015\/11\/good_SHAPE_STILL1-300x169.jpg 300w, https:\/\/agatakus.pl\/wp-content\/uploads\/2015\/11\/good_SHAPE_STILL1-1024x576.jpg 1024w, https:\/\/agatakus.pl\/wp-content\/uploads\/2015\/11\/good_SHAPE_STILL1.jpg 1600w\" sizes=\"auto, (max-width: 300px) 100vw, 300px\" \/><\/a><\/div>\n<\/div>\n<div id=\"event_tabs\"><\/div>\n","protected":false},"excerpt":{"rendered":"<p>22 luty o 18:00 do 2 marca o 18:00 Galeria Aula Al. Marcinkowskiego 29, 60-967 Pozna\u0144&hellip;<\/p>\n","protected":false},"author":1,"featured_media":688,"comment_status":"closed","ping_status":"open","sticky":false,"template":"","format":"standard","meta":{"footnotes":""},"categories":[6,8,7],"tags":[],"class_list":["post-687","post","type-post","status-publish","format-standard","has-post-thumbnail","hentry","category-events","category-news","category-videos"],"_links":{"self":[{"href":"https:\/\/agatakus.pl\/index.php?rest_route=\/wp\/v2\/posts\/687","targetHints":{"allow":["GET"]}}],"collection":[{"href":"https:\/\/agatakus.pl\/index.php?rest_route=\/wp\/v2\/posts"}],"about":[{"href":"https:\/\/agatakus.pl\/index.php?rest_route=\/wp\/v2\/types\/post"}],"author":[{"embeddable":true,"href":"https:\/\/agatakus.pl\/index.php?rest_route=\/wp\/v2\/users\/1"}],"replies":[{"embeddable":true,"href":"https:\/\/agatakus.pl\/index.php?rest_route=%2Fwp%2Fv2%2Fcomments&post=687"}],"version-history":[{"count":3,"href":"https:\/\/agatakus.pl\/index.php?rest_route=\/wp\/v2\/posts\/687\/revisions"}],"predecessor-version":[{"id":691,"href":"https:\/\/agatakus.pl\/index.php?rest_route=\/wp\/v2\/posts\/687\/revisions\/691"}],"wp:featuredmedia":[{"embeddable":true,"href":"https:\/\/agatakus.pl\/index.php?rest_route=\/wp\/v2\/media\/688"}],"wp:attachment":[{"href":"https:\/\/agatakus.pl\/index.php?rest_route=%2Fwp%2Fv2%2Fmedia&parent=687"}],"wp:term":[{"taxonomy":"category","embeddable":true,"href":"https:\/\/agatakus.pl\/index.php?rest_route=%2Fwp%2Fv2%2Fcategories&post=687"},{"taxonomy":"post_tag","embeddable":true,"href":"https:\/\/agatakus.pl\/index.php?rest_route=%2Fwp%2Fv2%2Ftags&post=687"}],"curies":[{"name":"wp","href":"https:\/\/api.w.org\/{rel}","templated":true}]}}