{"id":72,"date":"2015-11-19T16:39:52","date_gmt":"2015-11-19T15:39:52","guid":{"rendered":"http:\/\/agatakus.pl\/?p=72"},"modified":"2015-11-23T19:00:28","modified_gmt":"2015-11-23T18:00:28","slug":"42-biennale-malarstwa-bielska-jesien-2015","status":"publish","type":"post","link":"https:\/\/agatakus.pl\/?p=72","title":{"rendered":"42. Biennale Malarstwa Bielska Jesie\u0144 2015"},"content":{"rendered":"<div><strong>Galeria Bielska BWA<\/strong><br \/>\n<strong>zaprasza na otwarcie wystawy, og\u0142oszenie wynik\u00f3w konkursu i wr\u0119czenie nagr\u00f3d<\/strong><\/p>\n<p><strong>42. Biennale Malarstwa &#8222;Bielska Jesie\u0144 2015&#8221;<\/strong><br \/>\n<strong>pod honorowym patronatem Ministra Kultury i Dziedzictwa Narodowego<\/strong><\/div>\n<div>\n<p class=\"Podstawowyakapitowy\">\n<p><strong>w pi\u0105tek, 27 listopada o godz. 17.00<\/strong><\/p>\n<p>Wystawa\u00a0 fina\u0142owa jednego z najstarszych konkurs\u00f3w malarskich w Polsce, 42. Biennale Malarstwa<br \/>\n\u201eBielska Jesie\u0144 2015\u201d, prezentuje 89 obraz\u00f3w 46 artyst\u00f3w wybranych przez jury konkursu w trakcie obrad 19 wrze\u015bnia br.<br \/>\nW jury \u201eBielskiej Jesieni 2015\u201d zasiedli arty\u015bci malarze: <strong>Jadwiga Sawicka<\/strong> i <strong>Ryszard Grzyb<\/strong> oraz historycy i krytycy sztuki:<br \/>\n<strong>Dorota Monkiewicz<\/strong>, <strong>Agata Smalcerz<\/strong> i <strong>Jakub Banasiak<\/strong> (przewodnicz\u0105cy). <strong><\/p>\n<p>Arty\u015bci bior\u0105cy udzia\u0142 w wystawie:<\/strong>Justyna Adamczyk, Jakub Adamek, Marta Antoniak, Karolina Balcer, Robert Bubel, Izabela Chamczyk,<br \/>\nMonika Chlebek, Sylwester Chrapowicz, Micha\u0142 Cygan, Martyna Czech, Dawid Czycz, Marcin Dymek,<br \/>\nWiktor Dyndo, Agnieszka Gajewska, Micha\u0142 G\u0105tarek, Bartek G\u00f3rny, Zbyszek Gula, Karolina Jab\u0142o\u0144ska,<br \/>\nKarolina Jaklewicz, Micha\u0142 Kami\u0144ski, Marta Kawiorska, Bartosz Kokosi\u0144ski, Magdalena Kopytiuk,<br \/>\nDominika Kowynia, Ewa Kozera, Grzegorz Kozera, Tomasz Kr\u0119cicki, Agata Kus, Adrian Lewandowski,<br \/>\nPawe\u0142 Matyszewski, Ma\u0142gorzata Mirga-Tas, Dariusz Ml\u0105cki, Bartek Otocki, \u0141ukasz Patelczyk,<br \/>\nHubert Pokrandt, Cyryl Polaczek, Katarzyna Prusik-Lutz, Andrzej Rafa\u0142owicz, Hanna Rozpara,<br \/>\nIrmina Sta\u015b, Agula Swoboda, Magda W\u0119grzyn, Marzena Wo\u0142owicz, Anna W\u00f3jcik, Gossia Zielaskowska,<br \/>\nZuza Hercberg (Zuza Zi\u00f3\u0142kowska) oraz poza konkursem Adam Rutkowski (wybrany w g\u0142osowaniu internaut\u00f3w).<\/p>\n<p><strong>po wernisa\u017cu, o godz. 19.00<\/strong><\/p>\n<p>standardy jazzowe w wykonaniu<strong> Silesian Jazz Trio<br \/>\n<\/strong>sk\u0142ad zespo\u0142u:<br \/>\nMarcin \u017bupa\u0144ski \u2013 saksofony, flet<br \/>\nPrzemys\u0142aw Str\u0105czek \u2013 gitara<br \/>\nArtur Kud\u0142acik \u2013 kontrabas, gitara basowa<\/p>\n<p><strong>sobota, 28 listopada<\/strong><\/p>\n<p><strong>godz. 11.00<\/strong> \u2013 oprowadzanie po wystawie przez juror\u00f3w biennale<br \/>\n<strong>godz. 12.00<\/strong> \u2013 \u201eMalarstwo 2015 \u2013 w kontek\u015bcie bielskiego biennale\u201d.<br \/>\nPanel dyskusyjny z udzia\u0142em cz\u0142onk\u00f3w jury, krytyk\u00f3w sztuki<br \/>\noraz\u00a0artyst\u00f3w uczestnicz\u0105cych w wystawie fina\u0142owej.<br \/>\nModerator \u2013 Kamil Kuskowski, artysta, kurator, wyk\u0142adowca<br \/>\n(wst\u0119p wolny)<\/p>\n<p><strong>UWAGA! Wst\u0119p na wystaw\u0119 &#8222;Bielskiej Jesieni&#8221; jest bezp\u0142atny!<\/strong><\/div>\n<div>\n<div>\n<div>\n<div><\/div>\n<div><strong>Wi\u0119cej informacji o Biennale:<\/strong><br \/>\n<a href=\"http:\/\/galeriabielska.pl\/?d=details&amp;sek=&amp;idArt=1960\" target=\"_blank\">&#8211; na stronie Galerii &gt;&gt;<\/a><br \/>\n<a href=\"http:\/\/www.bielskajesien.pl\/\" target=\"_blank\">&#8211; na stronie &#8222;Bielskiej Jesieni&#8221; &gt;&gt;<\/a><\/div>\n<\/div>\n<\/div>\n<\/div>\n","protected":false},"excerpt":{"rendered":"<p>Galeria Bielska BWA zaprasza na otwarcie wystawy, og\u0142oszenie wynik\u00f3w konkursu i wr\u0119czenie nagr\u00f3d 42. Biennale Malarstwa&hellip;<\/p>\n","protected":false},"author":1,"featured_media":73,"comment_status":"closed","ping_status":"open","sticky":false,"template":"","format":"standard","meta":{"footnotes":""},"categories":[6,8],"tags":[],"class_list":["post-72","post","type-post","status-publish","format-standard","has-post-thumbnail","hentry","category-events","category-news"],"_links":{"self":[{"href":"https:\/\/agatakus.pl\/index.php?rest_route=\/wp\/v2\/posts\/72","targetHints":{"allow":["GET"]}}],"collection":[{"href":"https:\/\/agatakus.pl\/index.php?rest_route=\/wp\/v2\/posts"}],"about":[{"href":"https:\/\/agatakus.pl\/index.php?rest_route=\/wp\/v2\/types\/post"}],"author":[{"embeddable":true,"href":"https:\/\/agatakus.pl\/index.php?rest_route=\/wp\/v2\/users\/1"}],"replies":[{"embeddable":true,"href":"https:\/\/agatakus.pl\/index.php?rest_route=%2Fwp%2Fv2%2Fcomments&post=72"}],"version-history":[{"count":3,"href":"https:\/\/agatakus.pl\/index.php?rest_route=\/wp\/v2\/posts\/72\/revisions"}],"predecessor-version":[{"id":612,"href":"https:\/\/agatakus.pl\/index.php?rest_route=\/wp\/v2\/posts\/72\/revisions\/612"}],"wp:featuredmedia":[{"embeddable":true,"href":"https:\/\/agatakus.pl\/index.php?rest_route=\/wp\/v2\/media\/73"}],"wp:attachment":[{"href":"https:\/\/agatakus.pl\/index.php?rest_route=%2Fwp%2Fv2%2Fmedia&parent=72"}],"wp:term":[{"taxonomy":"category","embeddable":true,"href":"https:\/\/agatakus.pl\/index.php?rest_route=%2Fwp%2Fv2%2Fcategories&post=72"},{"taxonomy":"post_tag","embeddable":true,"href":"https:\/\/agatakus.pl\/index.php?rest_route=%2Fwp%2Fv2%2Ftags&post=72"}],"curies":[{"name":"wp","href":"https:\/\/api.w.org\/{rel}","templated":true}]}}