{"id":735,"date":"2016-03-15T14:58:57","date_gmt":"2016-03-15T13:58:57","guid":{"rendered":"http:\/\/agatakus.pl\/?p=735"},"modified":"2016-03-20T12:19:53","modified_gmt":"2016-03-20T11:19:53","slug":"art-paris-art-fair-2016-au-grand-palais","status":"publish","type":"post","link":"https:\/\/agatakus.pl\/?p=735","title":{"rendered":"Art Paris Art Fair 2016 au Grand Palais"},"content":{"rendered":"<p><strong>ART PARIS ART FAIR\u00a0<\/strong><\/p>\n<p><strong>31 MARS to 3 AVRIL<\/strong><br \/>\n<strong>GRAND PALAIS, AVENUE WINSTON CHURCHILL, 75008 PARIS<\/strong><\/p>\n<p>La Ma\u00eblle Galerie est heureuse de vous annoncer sa participation \u00e0 Art Paris Art Fair. \/ The Ma\u00eblle Gallery is pleased to announce its participation at Art Paris Art Fair.<\/p>\n<p><strong>Maelle Galerie<\/strong><br \/>\nAGATA KUS (PL)<br \/>\nSTANG G16 \/ BOOTH G16<br \/>\n<span style=\"color: #00ccff;\"><em>http:\/\/www.institutpolonais.fr\/#\/event\/1532<\/em><\/span><br \/>\n<span style=\"color: #00ccff;\"><em>Http:\/\/www.artparis.com\/fr<\/em><\/span><br \/>\n<span style=\"color: #00ccff;\"><em>http:\/\/www.artparis.com\/en\/artist\/102508<\/em><\/span><\/p>\n<p><em>Art Fair and solo show will be accompanied by a <strong>catalog.<\/strong><\/em><br \/>\n<em>Targom Sztuki i wystawie indywidualnej towarzyszy\u0142 b\u0119dzie <strong>katalog.<\/strong><\/em><\/p>\n<p>&nbsp;<\/p>\n<p><a href=\"http:\/\/agatakus.pl\/wp-content\/uploads\/2016\/03\/img.jpg\" rel=\"attachment wp-att-751\"><img loading=\"lazy\" decoding=\"async\" class=\"aligncenter size-large wp-image-751\" src=\"https:\/\/agatakus.pl\/wp-content\/uploads\/2016\/03\/img-1024x370.jpg\" alt=\"img\" width=\"1024\" height=\"370\" srcset=\"https:\/\/agatakus.pl\/wp-content\/uploads\/2016\/03\/img-1024x370.jpg 1024w, https:\/\/agatakus.pl\/wp-content\/uploads\/2016\/03\/img-300x108.jpg 300w, https:\/\/agatakus.pl\/wp-content\/uploads\/2016\/03\/img-768x277.jpg 768w, https:\/\/agatakus.pl\/wp-content\/uploads\/2016\/03\/img.jpg 1440w\" sizes=\"auto, (max-width: 1024px) 100vw, 1024px\" \/><\/a><\/p>\n<p><a href=\"http:\/\/agatakus.pl\/wp-content\/uploads\/2016\/03\/416978_351113141589417_248259708_n.jpg\" rel=\"attachment wp-att-737\"><img loading=\"lazy\" decoding=\"async\" class=\"aligncenter size-full wp-image-737\" src=\"https:\/\/agatakus.pl\/wp-content\/uploads\/2016\/03\/416978_351113141589417_248259708_n.jpg\" alt=\"416978_351113141589417_248259708_n\" width=\"960\" height=\"638\" srcset=\"https:\/\/agatakus.pl\/wp-content\/uploads\/2016\/03\/416978_351113141589417_248259708_n.jpg 960w, https:\/\/agatakus.pl\/wp-content\/uploads\/2016\/03\/416978_351113141589417_248259708_n-300x199.jpg 300w, https:\/\/agatakus.pl\/wp-content\/uploads\/2016\/03\/416978_351113141589417_248259708_n-768x510.jpg 768w\" sizes=\"auto, (max-width: 960px) 100vw, 960px\" \/><\/a><\/p>\n<p><span style=\"color: #00ccff;\">The leading Springtime event for modern and contemporary<\/span><br \/>\n<span style=\"color: #00ccff;\">art in Paris.\u00a0Held in the Grand Palais from 31st March to 3rd April 2016, Art Paris Art Fair is the leading\u00a0event in the Spring art calendar of the French capital, bringing together some 145 galleries\u00a0from a score of different countries.<\/span><br \/>\n<span style=\"color: #00ccff;\">Open to all forms of artistic expression including design, Art Paris Art Fair offers a broad\u00a0vision of art from the post-war period to the present day while the thematic sectors focus on\u00a0discovery. The exhibitions in Solo Show present an in-depth look at the work of an individual\u00a0artist while Promises showcases young galleries and emerging artists. Digital mapping and\u00a0video art are given pride of place with monumental projections on the fa\u00e7ade of the Grand\u00a0Palais.<\/span><\/p>\n<p><span style=\"color: #00ccff;\">The 5th edition of the \u201cSpringtime in Paris\u201d programme of visits for collectors and art\u00a0professionals at the end of March highlights the dynamism of the Parisian art scene, in particular\u00a0with several new contemporary art spaces and architecture that are defining the new face of\u00a0the French capital in the 21st Century.<\/span><br \/>\n<span style=\"color: #00ccff;\">South Korea Guest of Honour\u00a0After Singapore and Southeast Asia, Art Paris Art Fair confirms its established identity as a fair\u00a0that looks to the East. In 2016, South Korea will be guest of honour, an invitation that comes in\u00a0the context of the celebration of France-Korea year that will offer an exceptional insight into\u00a0contemporary artistic production from this Asian country. Korean exhibition curator Sang-A\u00a0CHUN has been asked to oversee the South Korea Guest of Honour project which promises<\/span><br \/>\n<span style=\"color: #00ccff;\">to highlight the rich diversity of artistic creation form the \u201cland of the morning calm,\u201d from\u00a0the emergence of a specific contemporary art scene in the 1980s to the effervescence of the\u00a0present day. The programme includes a selection of galleries from Seoul, Busan and Daegu,\u00a0talks, performances, video screenings\u2026<\/span><br \/>\n<span style=\"color: #00ccff;\">South Korea Guest of Honour at Art Paris Art Fair 2016 is part of the official programme of\u00a0France-Korea Year 2015-2016 (www.anneefrancecoree.com).<\/span><br \/>\n<span style=\"color: #00ccff;\">Sang-A CHUN : South Korean-born exhibition curator Sang-A CHUN works between Paris\u00a0and Seoul. After graduating in Aesthetics and the Science and Technology of Art from the\u00a0University of Paris VIII, she has organized and curated some 50 exhibitions since 2000. She\u00a0has also developed and conducted a number of public art and culture projects (sculpture,\u00a0interventions and performances.) She was notably responsible for: \u201cMaking &amp; Being\u201d at the\u00a0Korean Cultural Centre in Brussels, \u201cPlastic Nature,\u201d at Vanessa Quang Gallery in Paris, \u201cPoint\u00a0Virgule \/ Seung-hye Hong &amp; Felice Vanini\u201d at the Korean Cultural Centre in Paris, \u201cParadise \/\u00a0Jeong-hwa Choi,\u201d at Point \u00c9ph\u00e9m\u00e8re in Paris, \u201cEffets Mythologiques \/ Kang-hyun Ahn,\u201d at the<\/span><br \/>\n<span style=\"color: #00ccff;\">In Famous Carousel Festival at the Palais de Tokyo, the Centre Pompidou etc., \u201cThe Sentimental\u00a0\/ Seung-hye Hong,\u201d at the Nuit Blanche in Paris, \u201cThe Poetics of Space\u201d with Daniel Buren,\u00a0Fran\u00e7ois Morrelet, Felice Varini and St\u00e9phane Dafflon at the Whanki Museum in Seoul\u2026 Since\u00a02011, she has been in charge of contemporary art exhibitions at the Korean Cultural Centre in\u00a0Paris as well as working independently on projects in a variety of art spaces.<\/span><br \/>\n<span style=\"color: #00ccff;\">Grand Palais<\/span><br \/>\n<span style=\"color: #00ccff;\">31.03 &gt; 03.04.2016<\/span><br \/>\n<span style=\"color: #00ccff;\">La Cor\u00e9e \u00e0 l\u2019honneur<\/span><br \/>\n<span style=\"color: #00ccff;\">South Korea<\/span><br \/>\n<span style=\"color: #00ccff;\">guest of honour<\/span><br \/>\n<span style=\"color: #00ccff;\">www.artparis.com<\/span><br \/>\n<span style=\"color: #00ccff;\">modern + contemporary art + design<\/span><br \/>\n<span style=\"color: #00ccff;\">save the date<\/span><br \/>\n<span style=\"color: #00ccff;\">ART PARIS ART FAIR IN FIGURES<\/span><br \/>\n<span style=\"color: #00ccff;\">55,735 visitors in 2015 including 17,000 on opening day<\/span><br \/>\n<span style=\"color: #00ccff;\">6,500m2 at Grand Palais in the heart of Paris<\/span><br \/>\n<span style=\"color: #00ccff;\">145 exhibitors from 20 countries, 2,200 artistes represented<\/span><br \/>\n<span style=\"color: #00ccff;\">50% international galleries, 50% French galleries, 50% new participants<\/span><br \/>\n<span style=\"color: #00ccff;\">Practical information :<\/span><br \/>\n<span style=\"color: #00ccff;\">Preview (by invitation only) : Wednesday 30th March: 6pm \u2013 10pm<\/span><br \/>\n<span style=\"color: #00ccff;\">Opening hours :<\/span><br \/>\n<span style=\"color: #00ccff;\">Thursday 31st March 11.30am \u2013 8pm<\/span><br \/>\n<span style=\"color: #00ccff;\">Friday 1st April 11.30am \u2013 9pm<\/span><br \/>\n<span style=\"color: #00ccff;\">Saturday 2nd April 11.30am \u2013 8pm<\/span><br \/>\n<span style=\"color: #00ccff;\">Sunday 3rd April 11.30am \u2013 7pm<\/span><br \/>\n<span style=\"color: #00ccff;\">Exhibition management :<\/span><br \/>\n<span style=\"color: #00ccff;\">CEO : Julien &amp; Valentine Lec\u00eatre<\/span><br \/>\n<span style=\"color: #00ccff;\">Fair Director : Guillaume Piens<\/span><br \/>\n<span style=\"color: #00ccff;\">Communications &amp; Partnerships Director : Catherine Vauselle<\/span><br \/>\n<span style=\"color: #00ccff;\">Selection committee :<\/span><br \/>\n<span style=\"color: #00ccff;\">Carina Andres Thalmann, Galerie Andres Thalmann (Z\u00fcrich)<\/span><br \/>\n<span style=\"color: #00ccff;\">Alain Chiglien, Galerie Nec Nilsson et Chiglien (Paris)<\/span><br \/>\n<span style=\"color: #00ccff;\">Ernst Hilger, Galerie Ernst Hilger (Vienna)<\/span><br \/>\n<span style=\"color: #00ccff;\">Jean-Fran\u00e7ois Keller, collectionneur<\/span><br \/>\n<span style=\"color: #00ccff;\">Diane Lahumi\u00e8re, Galerie Lahumi\u00e8re (Paris)<\/span><br \/>\n<span style=\"color: #00ccff;\">Barbara Polla, Galerie Analix Forever (Geneva)<\/span><br \/>\n<span style=\"color: #00ccff;\">Press Agency :<\/span><br \/>\n<span style=\"color: #00ccff;\">Heymann, Renoult Associ\u00e9es | Sarah Heymann<\/span><br \/>\n<span style=\"color: #00ccff;\">French press : El\u00e9onore Grau, e.grau@heymann-renoult.com<\/span><br \/>\n<span style=\"color: #00ccff;\">Italian press : Eleonora Alzetta, e.alzetta@heymann-renoult.com<\/span><br \/>\n<span style=\"color: #00ccff;\">British and spanish press : Julie Oviedo, j.oviedo@heymann-renoult.com<\/span><br \/>\n<span style=\"color: #00ccff;\">German press : Bettina Bauerfeind, b.bauerfeind@heymann-renoult.com<\/span><br \/>\n<span style=\"color: #00ccff;\">+33 1 44 61 76 76 | www.heymann-renoult.com<\/span><br \/>\n<span style=\"color: #00ccff;\">Fair<\/span><\/p>\n<p>&nbsp;<\/p>\n<p id=\"p-2\"><span style=\"color: #33cccc;\"><strong>Art Paris Art Fair fait son retour au Grand Palais, du 31 mars au 3 avril 2016. Pendant quatre jours, plus de 58.000 personnes feront le d\u00e9placement pour d\u00e9couvrir 143 galeries de vingt pays diff\u00e9rents. Cette ann\u00e9e, Art Paris Art Fair fait une part belle \u00e0 la cr\u00e9ation cor\u00e9enne ! Et comme une bonne nouvelle ne vient jamais seule, nous avons des invitations \u00e0 vous offrir !<\/strong><\/span><\/p>\n<p><span style=\"color: #33cccc;\">Comme chaque ann\u00e9e,<strong> le Grand Palais<\/strong> accueille l&#8217;art contemporain, dans toutes ses formes, pour Art Paris Art Fair, une foire d\u00e9di\u00e9e \u00e0 la cr\u00e9ation contemporaine internationale et <strong>aux jeunes talents<\/strong>. Cette ann\u00e9e,<strong> la Cor\u00e9e du Sud<\/strong> est l&#8217;invit\u00e9e d\u2019honneur de l\u2019\u00e9dition 2016, avec le commissariat laiss\u00e9 \u00e0 Sang-A CHUN.<\/span><\/p>\n<p><span style=\"color: #33cccc;\">Ainsi, avec 80 artistes sud-cor\u00e9ens repr\u00e9sent\u00e9s \u00e0 Art Paris Art Fair, on retrouve aussi bien la g\u00e9n\u00e9ration des tous premiers modernistes comme Ungno Lee, au carrefour des traditions orientales et occidentales que les ma\u00eetres de l\u2019art abstrait li\u00e9s \u00e0 la mouvance de Dansaekhwa, art myst\u00e9rieux et po\u00e9tique du monochrome cor\u00e9en dont les ambassadeurs les plus connus seront pr\u00e9sents comme Lee Ufan, Myeong-Ro Youn sont des incontournables de la sc\u00e8ne artistique internationale.<\/span><\/p>\n<p><span style=\"color: #33cccc;\">Port\u00e9s par le succ\u00e8s des \u00e9ditions de <a style=\"color: #33cccc;\" href=\"http:\/\/www.artparis.com\/fr\" target=\"_blank\">la foire Art Paris Art Fair<\/a>, l&#8217;\u00e9dition 2016 appuie son initiative d&#8217;ouverture \u00e0 l&#8217;international, en mettant \u00e0 l&#8217;honneur plus de <strong>70 galeries \u00e9trang\u00e8res<\/strong>, sur les 143 galeries rassembl\u00e9es sous la coupole du Grand Palais.<\/span><\/p>\n<p><span style=\"color: #33cccc;\">Ainsi, pour citer des galeries participantes : A. Galerie (Paris), Gallery Roza Azora (Moscou), Nadja Brykina Gallery (Z\u00fcrich), Hua Gallery (Londres), Mario Mauroner Contemporary Art (Vienne\/Salzbourg, Galerie Nathalie Obadia (Paris\/Bruxelles), Galerie VU\u2019 (Paris), comme Daniel Templon (Paris), Sundaram Tagore (New York, Hong Kong, Singapour) et Flowers (Londres, New York).<\/span><\/p>\n<p><span style=\"color: #33cccc;\">Cette ann\u00e9e, la foire explore <strong>les r\u00e9gions europ\u00e9ennes<\/strong> et pr\u00e9sente des galeties de villes singuli\u00e8res internationales \u00e0 l&#8217;instar des galeries Bob Gysin (Zurich), Art Bartschi &amp; Cie (Gen\u00e8ve), La Balsa Arte (Bogota), Silk Road (T\u00e9h\u00e9ran), Studio Visconti (Milan) et le retour de Ditesheim &amp; Maffei Fine Art (Neuchatel) et r\u00e9gionales, avec trois galeries de Marseille (Galerie Didier Gouvernnec Ogor, B\u00e9a-Ba et Najuma), deux galeries bordelaises (DX et X\u00e9non), une enseigne lilloise (C\u00e9dric Bacqueville), lyonnaise (Fran\u00e7oise Besson), rennaise (Oniris) et une galerie strasbourgeoise (Galerie Jean-Pierre Ritsch Fisch).<\/span><\/p>\n<p><span style=\"color: #33cccc;\">Art Paris Art Fair est aussi l&#8217;occasion de d\u00e9couvrir des Solo Show, une vingtaine d\u2019expositions personnelles, diss\u00e9min\u00e9es dans la foire, qui permettent au public de d\u00e9couvrir ou de red\u00e9couvrir des artistes modernes, contemporains ou \u00e9mergents gr\u00e2ce \u00e0 une exposition personnelle, cette ann\u00e9e le syrien Fadi Yazigi chez Tanit, le peintre fran\u00e7ais Damien Cabanes \u00e0 la Galerie Eric Dupont pour ne citer qu&#8217;eux.<\/span><\/p>\n<p><span style=\"color: #33cccc;\"><strong>Enfin, la foire Art Paris Art Fair<\/strong> d\u00e9voile ses Promesses, sa s\u00e9lection de 10 jeunes galeries, dont 50 Golborne (Londres), ART\u2019LOFT Lee-Bauwens Gallery (Bruxelles), Bildhalle (Zurich), Galerie B\u00e9a-Ba (Marseille), Brandt Gallery (Amsterdam), Espace L (Gen\u00e8ve),Galerie Virginie Louvet (Paris), s\u00e9lectionn\u00e9es pour leur caract\u00e8re novateur.<\/span><\/p>\n<p><span style=\"color: #33cccc;\">Par\u00e9s pour cet Art Paris Art Fair ? Alors tentez d\u00e8s \u00e0 pr\u00e9sent de remporter vos invitations en participant \u00e0 notre jeu concours :<\/span><\/p>\n<p><span style=\"color: #33cccc;\"><em><strong>Infos pratiques :<br \/>\nSite officiel :<\/strong>\u00a0 <em><a style=\"color: #33cccc;\" href=\"http:\/\/artparis.fr\/fr\/\" target=\"_blank\">ART PARIS ART FAIR<br \/>\n<\/a><\/em><\/em><em>Du 31 mais au 3 avril 2016<br \/>\n<strong>Lieu<\/strong> : <a style=\"color: #33cccc;\" href=\"http:\/\/www.sortiraparis.com\/lieux\/51737-grand-palais\">Grand Palais <\/a><br \/>\n<strong>Horaires :<\/strong> 11h30-20h, nocturne jeudi jusqu&#8217;\u00e0 21h, fermeture dimanche \u00e0 19h<\/em><em><br \/>\nTarifs : 25\u20ac plein tarif, 12\u20ac tarif r\u00e9duit, gratuit -10 ans<\/em><\/span><\/p>\n<div id='gallery-1' class='gallery galleryid-735 gallery-columns-6 gallery-size-thumbnail'><dl class='gallery-item'>\n\t\t\t<dt class='gallery-icon landscape'>\n\t\t\t\t<a href='https:\/\/agatakus.pl\/?attachment_id=749'><img loading=\"lazy\" decoding=\"async\" width=\"150\" height=\"150\" src=\"https:\/\/agatakus.pl\/wp-content\/uploads\/2016\/03\/paris-150x150.jpg\" class=\"attachment-thumbnail size-thumbnail\" alt=\"\" srcset=\"https:\/\/agatakus.pl\/wp-content\/uploads\/2016\/03\/paris-150x150.jpg 150w, https:\/\/agatakus.pl\/wp-content\/uploads\/2016\/03\/paris-300x300.jpg 300w, https:\/\/agatakus.pl\/wp-content\/uploads\/2016\/03\/paris.jpg 512w\" sizes=\"auto, (max-width: 150px) 100vw, 150px\" \/><\/a>\n\t\t\t<\/dt><\/dl><dl class='gallery-item'>\n\t\t\t<dt class='gallery-icon landscape'>\n\t\t\t\t<a href='https:\/\/agatakus.pl\/?attachment_id=748'><img loading=\"lazy\" decoding=\"async\" width=\"150\" height=\"130\" src=\"https:\/\/agatakus.pl\/wp-content\/uploads\/2016\/03\/logo2-150x130.png\" class=\"attachment-thumbnail size-thumbnail\" alt=\"\" \/><\/a>\n\t\t\t<\/dt><\/dl><dl class='gallery-item'>\n\t\t\t<dt class='gallery-icon landscape'>\n\t\t\t\t<a href='https:\/\/agatakus.pl\/?attachment_id=750'><img loading=\"lazy\" decoding=\"async\" width=\"150\" height=\"150\" src=\"https:\/\/agatakus.pl\/wp-content\/uploads\/2016\/03\/09-PARIS-LOGO-city_fr-150x150.jpg\" class=\"attachment-thumbnail size-thumbnail\" alt=\"\" \/><\/a>\n\t\t\t<\/dt><\/dl><dl class='gallery-item'>\n\t\t\t<dt class='gallery-icon landscape'>\n\t\t\t\t<a href='https:\/\/agatakus.pl\/?attachment_id=741'><img loading=\"lazy\" decoding=\"async\" width=\"150\" height=\"150\" src=\"https:\/\/agatakus.pl\/wp-content\/uploads\/2016\/03\/188365_538975906136472_1407515677_n-150x150.jpg\" class=\"attachment-thumbnail size-thumbnail\" alt=\"\" \/><\/a>\n\t\t\t<\/dt><\/dl><dl class='gallery-item'>\n\t\t\t<dt class='gallery-icon landscape'>\n\t\t\t\t<a href='https:\/\/agatakus.pl\/?attachment_id=747'><img loading=\"lazy\" decoding=\"async\" width=\"400\" height=\"400\" src=\"https:\/\/agatakus.pl\/wp-content\/uploads\/2016\/03\/agata-kus-400x400.jpg\" class=\"attachment-thumbnail size-thumbnail\" alt=\"\" srcset=\"https:\/\/agatakus.pl\/wp-content\/uploads\/2016\/03\/agata-kus-400x400.jpg 400w, https:\/\/agatakus.pl\/wp-content\/uploads\/2016\/03\/agata-kus-150x150.jpg 150w\" sizes=\"auto, (max-width: 400px) 100vw, 400px\" \/><\/a>\n\t\t\t<\/dt><\/dl><dl class='gallery-item'>\n\t\t\t<dt class='gallery-icon portrait'>\n\t\t\t\t<a href='https:\/\/agatakus.pl\/?attachment_id=745'><img loading=\"lazy\" decoding=\"async\" width=\"150\" height=\"150\" src=\"https:\/\/agatakus.pl\/wp-content\/uploads\/2016\/03\/541340_555014824532580_1558533343_n-150x150.png\" class=\"attachment-thumbnail size-thumbnail\" alt=\"\" \/><\/a>\n\t\t\t<\/dt><\/dl><br style=\"clear: both\" \/><dl class='gallery-item'>\n\t\t\t<dt class='gallery-icon landscape'>\n\t\t\t\t<a href='https:\/\/agatakus.pl\/?attachment_id=739'><img loading=\"lazy\" decoding=\"async\" width=\"150\" height=\"150\" src=\"https:\/\/agatakus.pl\/wp-content\/uploads\/2016\/03\/37037_478026275584042_435381828_n-150x150.jpg\" class=\"attachment-thumbnail size-thumbnail\" alt=\"\" \/><\/a>\n\t\t\t<\/dt><\/dl><dl class='gallery-item'>\n\t\t\t<dt class='gallery-icon landscape'>\n\t\t\t\t<a href='https:\/\/agatakus.pl\/?attachment_id=742'><img loading=\"lazy\" decoding=\"async\" width=\"150\" height=\"150\" src=\"https:\/\/agatakus.pl\/wp-content\/uploads\/2016\/03\/416978_351113141589417_248259708_n-1-150x150.jpg\" class=\"attachment-thumbnail size-thumbnail\" alt=\"\" \/><\/a>\n\t\t\t<\/dt><\/dl><dl class='gallery-item'>\n\t\t\t<dt class='gallery-icon landscape'>\n\t\t\t\t<a href='https:\/\/agatakus.pl\/?attachment_id=740'><img loading=\"lazy\" decoding=\"async\" width=\"150\" height=\"150\" src=\"https:\/\/agatakus.pl\/wp-content\/uploads\/2016\/03\/65339_555373091163420_2052043929_n-150x150.png\" class=\"attachment-thumbnail size-thumbnail\" alt=\"\" \/><\/a>\n\t\t\t<\/dt><\/dl><dl class='gallery-item'>\n\t\t\t<dt class='gallery-icon landscape'>\n\t\t\t\t<a href='https:\/\/agatakus.pl\/?attachment_id=743'><img loading=\"lazy\" decoding=\"async\" width=\"150\" height=\"150\" src=\"https:\/\/agatakus.pl\/wp-content\/uploads\/2016\/03\/425003_355086987858699_1674220898_n-150x150.jpg\" class=\"attachment-thumbnail size-thumbnail\" alt=\"\" \/><\/a>\n\t\t\t<\/dt><\/dl><dl class='gallery-item'>\n\t\t\t<dt class='gallery-icon landscape'>\n\t\t\t\t<a href='https:\/\/agatakus.pl\/?attachment_id=738'><img loading=\"lazy\" decoding=\"async\" width=\"150\" height=\"150\" src=\"https:\/\/agatakus.pl\/wp-content\/uploads\/2016\/03\/6705_554937064540356_412683218_n-150x150.png\" class=\"attachment-thumbnail size-thumbnail\" alt=\"\" \/><\/a>\n\t\t\t<\/dt><\/dl><dl class='gallery-item'>\n\t\t\t<dt class='gallery-icon portrait'>\n\t\t\t\t<a href='https:\/\/agatakus.pl\/?attachment_id=746'><img loading=\"lazy\" decoding=\"async\" width=\"150\" height=\"150\" src=\"https:\/\/agatakus.pl\/wp-content\/uploads\/2016\/03\/601241_553448401355889_1665242217_n-150x150.jpg\" class=\"attachment-thumbnail size-thumbnail\" alt=\"\" \/><\/a>\n\t\t\t<\/dt><\/dl><br style=\"clear: both\" \/><dl class='gallery-item'>\n\t\t\t<dt class='gallery-icon portrait'>\n\t\t\t\t<a href='https:\/\/agatakus.pl\/?attachment_id=757'><img loading=\"lazy\" decoding=\"async\" width=\"400\" height=\"400\" src=\"https:\/\/agatakus.pl\/wp-content\/uploads\/2016\/03\/couverture-le-journal-des-arts_Strona_1-400x400.jpg\" class=\"attachment-thumbnail size-thumbnail\" alt=\"\" srcset=\"https:\/\/agatakus.pl\/wp-content\/uploads\/2016\/03\/couverture-le-journal-des-arts_Strona_1-400x400.jpg 400w, https:\/\/agatakus.pl\/wp-content\/uploads\/2016\/03\/couverture-le-journal-des-arts_Strona_1-150x150.jpg 150w\" sizes=\"auto, (max-width: 400px) 100vw, 400px\" \/><\/a>\n\t\t\t<\/dt><\/dl><dl class='gallery-item'>\n\t\t\t<dt class='gallery-icon portrait'>\n\t\t\t\t<a href='https:\/\/agatakus.pl\/?attachment_id=758'><img loading=\"lazy\" decoding=\"async\" width=\"150\" height=\"150\" src=\"https:\/\/agatakus.pl\/wp-content\/uploads\/2016\/03\/couverture-le-journal-des-arts_Strona_2-150x150.jpg\" class=\"attachment-thumbnail size-thumbnail\" alt=\"\" \/><\/a>\n\t\t\t<\/dt><\/dl>\n\t\t\t<br style='clear: both' \/>\n\t\t<\/div>\n\n<p>&nbsp;<\/p>\n","protected":false},"excerpt":{"rendered":"<p>ART PARIS ART FAIR\u00a0 31 MARS to 3 AVRIL GRAND PALAIS, AVENUE WINSTON CHURCHILL, 75008 PARIS&hellip;<\/p>\n","protected":false},"author":1,"featured_media":736,"comment_status":"closed","ping_status":"open","sticky":false,"template":"","format":"standard","meta":{"footnotes":""},"categories":[6,8],"tags":[],"class_list":["post-735","post","type-post","status-publish","format-standard","has-post-thumbnail","hentry","category-events","category-news"],"_links":{"self":[{"href":"https:\/\/agatakus.pl\/index.php?rest_route=\/wp\/v2\/posts\/735","targetHints":{"allow":["GET"]}}],"collection":[{"href":"https:\/\/agatakus.pl\/index.php?rest_route=\/wp\/v2\/posts"}],"about":[{"href":"https:\/\/agatakus.pl\/index.php?rest_route=\/wp\/v2\/types\/post"}],"author":[{"embeddable":true,"href":"https:\/\/agatakus.pl\/index.php?rest_route=\/wp\/v2\/users\/1"}],"replies":[{"embeddable":true,"href":"https:\/\/agatakus.pl\/index.php?rest_route=%2Fwp%2Fv2%2Fcomments&post=735"}],"version-history":[{"count":4,"href":"https:\/\/agatakus.pl\/index.php?rest_route=\/wp\/v2\/posts\/735\/revisions"}],"predecessor-version":[{"id":840,"href":"https:\/\/agatakus.pl\/index.php?rest_route=\/wp\/v2\/posts\/735\/revisions\/840"}],"wp:featuredmedia":[{"embeddable":true,"href":"https:\/\/agatakus.pl\/index.php?rest_route=\/wp\/v2\/media\/736"}],"wp:attachment":[{"href":"https:\/\/agatakus.pl\/index.php?rest_route=%2Fwp%2Fv2%2Fmedia&parent=735"}],"wp:term":[{"taxonomy":"category","embeddable":true,"href":"https:\/\/agatakus.pl\/index.php?rest_route=%2Fwp%2Fv2%2Fcategories&post=735"},{"taxonomy":"post_tag","embeddable":true,"href":"https:\/\/agatakus.pl\/index.php?rest_route=%2Fwp%2Fv2%2Ftags&post=735"}],"curies":[{"name":"wp","href":"https:\/\/api.w.org\/{rel}","templated":true}]}}