{"id":917,"date":"2016-08-22T14:30:31","date_gmt":"2016-08-22T12:30:31","guid":{"rendered":"http:\/\/agatakus.pl\/?p=917"},"modified":"2016-08-22T14:30:31","modified_gmt":"2016-08-22T12:30:31","slug":"cube-biennale-sztuki-polsko-niemieckiej-w-krakowie","status":"publish","type":"post","link":"https:\/\/agatakus.pl\/?p=917","title":{"rendered":"CUBE. Biennale Sztuki Polsko-Niemieckiej w Krakowie."},"content":{"rendered":"<p>Wystawa mi\u0119dzynarodowego projektu artystycznego &#8222;CUBE&#8221; w ramach Biennale Sztuki Polsko-Niemieckiej w Krakowie trwa od 4 sierpnia do 4 wrze\u015bnia 2016. Mo\u017cna j\u0105 odwiedza\u0107 od wtorku do niedzieli, w godzinach od 12:00 do 18:00. WST\u0118P BEZP\u0141ATNY! Wystawa jest prezentowana w dw\u00f3ch miejscach w Krakowie &#8211; w budynku g\u0142\u00f3wnym Akademii Sztuk Pi\u0119knych im. Jana Matejki w Krakowie przy Placu Matejki 13, oraz w budynku dawnej Szko\u0142y Przemys\u0142owej \u017be\u0144skiej w Krakowie przy ul. Syrokomli 21.<\/p>\n<p>Obrazy Agaty Kus mo\u017cna zobaczy\u0107 na wystawie przy Placu Matejki 13.<\/p>\n<p><a href=\"http:\/\/agatakus.pl\/wp-content\/uploads\/2016\/08\/13735080_1157147420998045_3428902898780199660_o.jpg\" rel=\"attachment wp-att-919\"><img loading=\"lazy\" decoding=\"async\" class=\"aligncenter size-full wp-image-919\" src=\"https:\/\/agatakus.pl\/wp-content\/uploads\/2016\/08\/13735080_1157147420998045_3428902898780199660_o.jpg\" alt=\"13735080_1157147420998045_3428902898780199660_o\" width=\"679\" height=\"960\" srcset=\"https:\/\/agatakus.pl\/wp-content\/uploads\/2016\/08\/13735080_1157147420998045_3428902898780199660_o.jpg 679w, https:\/\/agatakus.pl\/wp-content\/uploads\/2016\/08\/13735080_1157147420998045_3428902898780199660_o-212x300.jpg 212w\" sizes=\"auto, (max-width: 679px) 100vw, 679px\" \/><\/a><\/p>\n","protected":false},"excerpt":{"rendered":"<p>Wystawa mi\u0119dzynarodowego projektu artystycznego &#8222;CUBE&#8221; w ramach Biennale Sztuki Polsko-Niemieckiej w Krakowie trwa od 4 sierpnia&hellip;<\/p>\n","protected":false},"author":1,"featured_media":918,"comment_status":"closed","ping_status":"open","sticky":false,"template":"","format":"standard","meta":{"footnotes":""},"categories":[6,8],"tags":[],"class_list":["post-917","post","type-post","status-publish","format-standard","has-post-thumbnail","hentry","category-events","category-news"],"_links":{"self":[{"href":"https:\/\/agatakus.pl\/index.php?rest_route=\/wp\/v2\/posts\/917","targetHints":{"allow":["GET"]}}],"collection":[{"href":"https:\/\/agatakus.pl\/index.php?rest_route=\/wp\/v2\/posts"}],"about":[{"href":"https:\/\/agatakus.pl\/index.php?rest_route=\/wp\/v2\/types\/post"}],"author":[{"embeddable":true,"href":"https:\/\/agatakus.pl\/index.php?rest_route=\/wp\/v2\/users\/1"}],"replies":[{"embeddable":true,"href":"https:\/\/agatakus.pl\/index.php?rest_route=%2Fwp%2Fv2%2Fcomments&post=917"}],"version-history":[{"count":1,"href":"https:\/\/agatakus.pl\/index.php?rest_route=\/wp\/v2\/posts\/917\/revisions"}],"predecessor-version":[{"id":920,"href":"https:\/\/agatakus.pl\/index.php?rest_route=\/wp\/v2\/posts\/917\/revisions\/920"}],"wp:featuredmedia":[{"embeddable":true,"href":"https:\/\/agatakus.pl\/index.php?rest_route=\/wp\/v2\/media\/918"}],"wp:attachment":[{"href":"https:\/\/agatakus.pl\/index.php?rest_route=%2Fwp%2Fv2%2Fmedia&parent=917"}],"wp:term":[{"taxonomy":"category","embeddable":true,"href":"https:\/\/agatakus.pl\/index.php?rest_route=%2Fwp%2Fv2%2Fcategories&post=917"},{"taxonomy":"post_tag","embeddable":true,"href":"https:\/\/agatakus.pl\/index.php?rest_route=%2Fwp%2Fv2%2Ftags&post=917"}],"curies":[{"name":"wp","href":"https:\/\/api.w.org\/{rel}","templated":true}]}}