{"id":924,"date":"2016-09-17T21:29:05","date_gmt":"2016-09-17T19:29:05","guid":{"rendered":"http:\/\/agatakus.pl\/?p=924"},"modified":"2016-09-17T21:30:01","modified_gmt":"2016-09-17T19:30:01","slug":"muzeum-wspolczesne-wroclaw-pms-swieza-krew-laureaci-i-v-edycji","status":"publish","type":"post","link":"https:\/\/agatakus.pl\/?p=924","title":{"rendered":"MUZEUM WSP\u00d3\u0141CZESNE WROC\u0141AW &#8211; PMS \u201c\u015awie\u017ca Krew\u201d \/ Laureaci I\u2013V edycji"},"content":{"rendered":"<p><span id=\"post_title\">PRZEGL\u0104D M\u0141ODEJ SZTUKI \u201c\u015aWIE\u017bA KREW\u201d \/<\/span><\/p>\n<p><span id=\"post_title\"> LAUREACI Z LAT 2011\u20132015<\/span><\/p>\n<p><span id=\"post_event_date\">16.9.16\u201330.9.16<\/span><\/p>\n<p><span id=\"post_category\">Wystawa<\/span><span id=\"post_event_date_details\"><span class=\"content_lang_pl\">Wernisa\u017c wystawy laureat\u00f3w I\u2013V edycji: 16.9.16 (pi\u0105tek), godz. 18.00, poziom 5, wst\u0119p bezp\u0142atny<\/span><\/span><\/p>\n<p>Przed nami 6. edycja Przegl\u0105du M\u0142odej Sztuki \u201e\u015awie\u017ca Krew\u201d. Kiedy startowa\u0142 konkurs malarstwo by\u0142o w defensywie \u2013 nowe media zdominowa\u0142y przestrze\u0144 sztuki, a klasyczny obraz wydawa\u0142 si\u0119<em>pass\u00e9<\/em>. W ostatnich latach malarstwo wr\u00f3ci\u0142o do formy, odzyska\u0142o wiar\u0119 w siebie i si\u0142\u0119 oddzia\u0142ywania. Kolejne edycje konkursu pokazuj\u0105, \u017ce m\u0142odzi arty\u015bci na nowo odkrywaj\u0105 mo\u017cliwo\u015bci malarstwa, odwa\u017cnie korzystaj\u0105 z tradycji, by w\u0142\u0105czy\u0107 obraz w krwiobieg aktualnej sztuki.<\/p>\n<p>Wystawa to prezentacja wyselekcjonowanych prac m\u0142odego pokolenia artyst\u00f3w. Po rosn\u0105cym sukcesie poprzednich edycji Galeria Socato rozwija sw\u00f3j projekt. Aby podsumowa\u0107 5-letni\u0105 tradycj\u0119 wsp\u00f3lnie z Muzeum Wsp\u00f3\u0142czesnym Wroc\u0142aw zapraszamy na wystaw\u0119 prac laureat\u00f3w poprzednich edycji Przegl\u0105du. W MWW zaprezentujemy obrazy, kt\u00f3re zdoby\u0142y Grand Prix poprzednich edycji Przegl\u0105du, a tak\u017ce nowe realizacje Natalii Ba\u017cowskiej, Agaty Kus, Moniki Mysiak, Filipa Rybkowskiego oraz Justyny Smole\u0144.<\/p>\n<p>Z przyjemno\u015bci\u0105 obserwujemy rozw\u00f3j ich karier artystycznych. Natalia Ba\u017cowska od lat zajmuje si\u0119 relacjami z natur\u0105 \u2013 po projekcie \u201eLe\u017ce\u201d prezentowanym w Miejscu Projekt\u00f3w Zach\u0119ty, prezentuje w\u0142a\u015bnie swoje prace na wystawie w San Sebastian. Agata Kus \u2013 tak\u017ce prezentowana w Miejscu Projekt\u00f3w Zach\u0119ty z wystaw\u0105 \u201ePrzetwornik\u201d \u2013 w ubieg\u0142ym roku zdoby\u0142a Nagrod\u0119 WRO Biennale. Justyna Smole\u0144 kontynuuje nagrodzon\u0105 seri\u0119 \u201eBlack\u201d. Czarne obrazy zobaczy\u0107 mo\u017cna by\u0142o w ostatnim czasie w ramach projektu Soon_30 w Spectra Art Space oraz w BWA w Nowym S\u0105czu i Sanoku. Filip Rybkowski rozwija konceptualne projekty, z kt\u00f3rymi zapozna\u0107 si\u0119 mo\u017cna na wystawach w Bunkrze Sztuki w Krakowie, czy galerii Henryk.<\/p>\n<p><strong>PMS \u201c\u015awie\u017ca Krew\u201d \/ Laureaci I\u2013V edycji<br \/>\nMuzeum Wsp\u00f3\u0142czesny Wroc\u0142aw<br \/>\n16.09 \u2013 30.09.2016<\/strong><br \/>\n<strong>ARTY\u015aCI BIOR\u0104CY UDZIA\u0141 W WYSTAWIE:<\/strong> Natalia Ba\u017cowska, Agata Kus, Monika Mysiak, Filip Rybkowski, Justyna Smole\u0144.<br \/>\nKuratorka: Karolina Jaklewicz<br \/>\nProducent: Magdalena Bobko<\/p>\n<p>&nbsp;<\/p>\n<div id='gallery-1' class='gallery galleryid-924 gallery-columns-4 gallery-size-thumbnail'><dl class='gallery-item'>\n\t\t\t<dt class='gallery-icon landscape'>\n\t\t\t\t<a href='https:\/\/agatakus.pl\/?attachment_id=926'><img loading=\"lazy\" decoding=\"async\" width=\"150\" height=\"150\" src=\"https:\/\/agatakus.pl\/wp-content\/uploads\/2016\/09\/14360516_1243639112327398_1197926642_o-150x150.jpg\" class=\"attachment-thumbnail size-thumbnail\" alt=\"\" \/><\/a>\n\t\t\t<\/dt><\/dl><dl class='gallery-item'>\n\t\t\t<dt class='gallery-icon landscape'>\n\t\t\t\t<a href='https:\/\/agatakus.pl\/?attachment_id=927'><img loading=\"lazy\" decoding=\"async\" width=\"150\" height=\"150\" src=\"https:\/\/agatakus.pl\/wp-content\/uploads\/2016\/09\/14374815_1243639135660729_1081535499_o-150x150.jpg\" class=\"attachment-thumbnail size-thumbnail\" alt=\"\" \/><\/a>\n\t\t\t<\/dt><\/dl><dl class='gallery-item'>\n\t\t\t<dt class='gallery-icon landscape'>\n\t\t\t\t<a href='https:\/\/agatakus.pl\/?attachment_id=928'><img loading=\"lazy\" decoding=\"async\" width=\"150\" height=\"150\" src=\"https:\/\/agatakus.pl\/wp-content\/uploads\/2016\/09\/14393155_1243639088994067_1005868918_o-150x150.jpg\" class=\"attachment-thumbnail size-thumbnail\" alt=\"\" \/><\/a>\n\t\t\t<\/dt><\/dl><dl class='gallery-item'>\n\t\t\t<dt class='gallery-icon landscape'>\n\t\t\t\t<a href='https:\/\/agatakus.pl\/?attachment_id=929'><img loading=\"lazy\" decoding=\"async\" width=\"150\" height=\"150\" src=\"https:\/\/agatakus.pl\/wp-content\/uploads\/2016\/09\/14397273_1243639048994071_894969603_n-150x150.jpg\" class=\"attachment-thumbnail size-thumbnail\" alt=\"\" srcset=\"https:\/\/agatakus.pl\/wp-content\/uploads\/2016\/09\/14397273_1243639048994071_894969603_n-150x150.jpg 150w, https:\/\/agatakus.pl\/wp-content\/uploads\/2016\/09\/14397273_1243639048994071_894969603_n-300x300.jpg 300w, https:\/\/agatakus.pl\/wp-content\/uploads\/2016\/09\/14397273_1243639048994071_894969603_n-768x768.jpg 768w, https:\/\/agatakus.pl\/wp-content\/uploads\/2016\/09\/14397273_1243639048994071_894969603_n.jpg 960w\" sizes=\"auto, (max-width: 150px) 100vw, 150px\" \/><\/a>\n\t\t\t<\/dt><\/dl><br style=\"clear: both\" \/>\n\t\t<\/div>\n\n<p>&nbsp;<\/p>\n","protected":false},"excerpt":{"rendered":"<p>PRZEGL\u0104D M\u0141ODEJ SZTUKI \u201c\u015aWIE\u017bA KREW\u201d \/ LAUREACI Z LAT 2011\u20132015 16.9.16\u201330.9.16 WystawaWernisa\u017c wystawy laureat\u00f3w I\u2013V edycji:&hellip;<\/p>\n","protected":false},"author":1,"featured_media":925,"comment_status":"closed","ping_status":"open","sticky":false,"template":"","format":"standard","meta":{"footnotes":""},"categories":[6,8],"tags":[],"class_list":["post-924","post","type-post","status-publish","format-standard","has-post-thumbnail","hentry","category-events","category-news"],"_links":{"self":[{"href":"https:\/\/agatakus.pl\/index.php?rest_route=\/wp\/v2\/posts\/924","targetHints":{"allow":["GET"]}}],"collection":[{"href":"https:\/\/agatakus.pl\/index.php?rest_route=\/wp\/v2\/posts"}],"about":[{"href":"https:\/\/agatakus.pl\/index.php?rest_route=\/wp\/v2\/types\/post"}],"author":[{"embeddable":true,"href":"https:\/\/agatakus.pl\/index.php?rest_route=\/wp\/v2\/users\/1"}],"replies":[{"embeddable":true,"href":"https:\/\/agatakus.pl\/index.php?rest_route=%2Fwp%2Fv2%2Fcomments&post=924"}],"version-history":[{"count":2,"href":"https:\/\/agatakus.pl\/index.php?rest_route=\/wp\/v2\/posts\/924\/revisions"}],"predecessor-version":[{"id":931,"href":"https:\/\/agatakus.pl\/index.php?rest_route=\/wp\/v2\/posts\/924\/revisions\/931"}],"wp:featuredmedia":[{"embeddable":true,"href":"https:\/\/agatakus.pl\/index.php?rest_route=\/wp\/v2\/media\/925"}],"wp:attachment":[{"href":"https:\/\/agatakus.pl\/index.php?rest_route=%2Fwp%2Fv2%2Fmedia&parent=924"}],"wp:term":[{"taxonomy":"category","embeddable":true,"href":"https:\/\/agatakus.pl\/index.php?rest_route=%2Fwp%2Fv2%2Fcategories&post=924"},{"taxonomy":"post_tag","embeddable":true,"href":"https:\/\/agatakus.pl\/index.php?rest_route=%2Fwp%2Fv2%2Ftags&post=924"}],"curies":[{"name":"wp","href":"https:\/\/api.w.org\/{rel}","templated":true}]}}