{"id":932,"date":"2016-09-20T16:27:43","date_gmt":"2016-09-20T14:27:43","guid":{"rendered":"http:\/\/agatakus.pl\/?p=932"},"modified":"2016-09-20T16:33:16","modified_gmt":"2016-09-20T14:33:16","slug":"plakat-do-filmu-kuby-czekaja-krolewicz-olch-otwierajacego-41-festiwal-filmowy-w-gdyni","status":"publish","type":"post","link":"https:\/\/agatakus.pl\/?p=932","title":{"rendered":"Plakat do filmu Kuby Czekaja Kr\u00f3lewicz Olch, otwieraj\u0105cego 41.Festiwal Filmowy w Gdyni."},"content":{"rendered":"<p>Plakat z obrazem olejnym Agaty Kus\u00a0do filmu Kuby Czekaja Kr\u00f3lewicz Olch, otwieraj\u0105cego 41.Festiwal Filmowy w Gdyni.<\/p>\n<p><a href=\"https:\/\/vimeo.com\/180045645\">ZOBACZ ZWIASTUN FILMU.<\/a><\/p>\n<p>Anna Tatarska o Kubie Czekaju i filmie KR\u00d3LEWICZ OLCH w<a href=\"http:\/\/cojestgrane24.wyborcza.pl\/cjg24\/1,13,20701847,null,Festiwal-Filmowy-w-Gdyni-2016---Krolewicz-Olch---R.html\"> Co Jest Grane24:<\/a> (&#8230;) Pe\u0142nokrwisty, samo\u015bwiadomy tw\u00f3rca, kt\u00f3ry do Gdyni wiezie by\u0107 mo\u017ce najlepszy polski film ostatniej dekady.<\/p>\n<p>&nbsp;<\/p>\n<p>Ca\u0142y film by\u0142 wyzwaniem! To, co jest fantastyczne i wspania\u0142e w pracy nad filmem \u2013 co nie zawsze si\u0119 zdarza \u2013 to gotowo\u015b\u0107 i spontaniczno\u015b\u0107, kt\u00f3re mog\u0105 towarzyszy\u0107 tej pracy. Mo\u017cliwo\u015b\u0107 bycia tu i teraz. Najbardziej lubi\u0119 w kinie, kiedy w\u0142\u0105cza si\u0119 kamera i \u015bwiat si\u0119 staje. U Kuby Czekaja tak by\u0142o. &#8211; <a href=\"http:\/\/www.studiomunka.pl\/aktualnosci,7,12477,1,1,Wyjatkowo-tworczy-czas-wywiad-z-Agnieszka-Podsiadlik.html\">m\u00f3wi o pracy na planie KR\u00d3LEWICZA OLCH Agnieszka Podsiadlik.<\/a><\/p>\n<p>&nbsp;<\/p>\n<p>&nbsp;<\/p>\n<p><a href=\"http:\/\/agatakus.pl\/wp-content\/uploads\/2016\/09\/ppp.jpg\" rel=\"attachment wp-att-933\"><img loading=\"lazy\" decoding=\"async\" class=\"aligncenter size-full wp-image-933\" src=\"https:\/\/agatakus.pl\/wp-content\/uploads\/2016\/09\/ppp.jpg\" alt=\"ppp\" width=\"490\" height=\"755\" srcset=\"https:\/\/agatakus.pl\/wp-content\/uploads\/2016\/09\/ppp.jpg 490w, https:\/\/agatakus.pl\/wp-content\/uploads\/2016\/09\/ppp-195x300.jpg 195w\" sizes=\"auto, (max-width: 490px) 100vw, 490px\" \/><\/a><\/p>\n<p>&nbsp;<\/p>\n","protected":false},"excerpt":{"rendered":"<p>Plakat z obrazem olejnym Agaty Kus\u00a0do filmu Kuby Czekaja Kr\u00f3lewicz Olch, otwieraj\u0105cego 41.Festiwal Filmowy w Gdyni.&hellip;<\/p>\n","protected":false},"author":1,"featured_media":934,"comment_status":"closed","ping_status":"open","sticky":false,"template":"","format":"standard","meta":{"footnotes":""},"categories":[8,14],"tags":[],"class_list":["post-932","post","type-post","status-publish","format-standard","has-post-thumbnail","hentry","category-news","category-publications"],"_links":{"self":[{"href":"https:\/\/agatakus.pl\/index.php?rest_route=\/wp\/v2\/posts\/932","targetHints":{"allow":["GET"]}}],"collection":[{"href":"https:\/\/agatakus.pl\/index.php?rest_route=\/wp\/v2\/posts"}],"about":[{"href":"https:\/\/agatakus.pl\/index.php?rest_route=\/wp\/v2\/types\/post"}],"author":[{"embeddable":true,"href":"https:\/\/agatakus.pl\/index.php?rest_route=\/wp\/v2\/users\/1"}],"replies":[{"embeddable":true,"href":"https:\/\/agatakus.pl\/index.php?rest_route=%2Fwp%2Fv2%2Fcomments&post=932"}],"version-history":[{"count":1,"href":"https:\/\/agatakus.pl\/index.php?rest_route=\/wp\/v2\/posts\/932\/revisions"}],"predecessor-version":[{"id":935,"href":"https:\/\/agatakus.pl\/index.php?rest_route=\/wp\/v2\/posts\/932\/revisions\/935"}],"wp:featuredmedia":[{"embeddable":true,"href":"https:\/\/agatakus.pl\/index.php?rest_route=\/wp\/v2\/media\/934"}],"wp:attachment":[{"href":"https:\/\/agatakus.pl\/index.php?rest_route=%2Fwp%2Fv2%2Fmedia&parent=932"}],"wp:term":[{"taxonomy":"category","embeddable":true,"href":"https:\/\/agatakus.pl\/index.php?rest_route=%2Fwp%2Fv2%2Fcategories&post=932"},{"taxonomy":"post_tag","embeddable":true,"href":"https:\/\/agatakus.pl\/index.php?rest_route=%2Fwp%2Fv2%2Ftags&post=932"}],"curies":[{"name":"wp","href":"https:\/\/api.w.org\/{rel}","templated":true}]}}