{"id":96,"date":"2015-07-15T00:44:15","date_gmt":"2015-07-14T22:44:15","guid":{"rendered":"http:\/\/agatakus.pl\/?p=96"},"modified":"2015-11-20T01:23:12","modified_gmt":"2015-11-20T00:23:12","slug":"wro-resume","status":"publish","type":"post","link":"https:\/\/agatakus.pl\/?p=96","title":{"rendered":"WRO R\u00c9SUM\u00c9"},"content":{"rendered":"<div>31 sierpnia \u2013 4\u00a0pa\u017adziernika\u00a02015<br \/>\nCentrum Sztuki WRO,\u00a0Widok 7<\/div>\n<div>Oprowadzania po\u00a0wystawie \u2013 3, 10, 17, 22, 29 wrze\u015bnia 2015<\/div>\n<div>Grupy zorganizowane zainteresowane oprowadzaniami prosimy o\u00a0wcze\u015bniejsze zapisy mailowo:\u00a0<a class=\"autohyperlink\" title=\"mailto:kreis@wrocenter.pl\" href=\"mailto:kreis@wrocenter.pl\">kreis@wrocenter.pl<\/a><\/div>\n<div><\/div>\n<div><strong>ARTY\u015aCI<\/strong>:<\/div>\n<div>Karolina Balcer (PL) \/ Krzysztof Bry\u0142a (PL) \/ Michael Candy (AU) \/ Katrin Caspar (DE) \/ Jaros\u0142aw Czarnecki aka Elvin Flamingo (PL) \/ Douwe Dijkstra (NL) \/ Lena Dobrowolska (PL) \/ Ja\u015b Domicz (PL) \/ Ya-Wen Fu (TW) \/ Wojciech Gilewicz (PL) \/ Yuk-Yiu Ip (HK) \/ Anna Kosarewska (UA\/PL) \/ Kinga Krzymowska (PL) \/ Agata Kus (PL) \/ Dominik Lejman (PL) \/ Lukas Marxt (AT) \/ Joachim Montessuis (FR) \/ Dani Ploeger (NL\/UK) \/ Eeva-Liisa Puhakka (FI) \/ Hans Scheugl (AT) \/ Karina Smigla-Bobinski (PL\/DE) \/ Kamila Wolszczak GG-SUW \/ Piotr Wyrzykowski (PL) \/ Cyryl Zakrzewski (PL) \/ Marcelo Zammenhoff (PL)<\/div>\n<div>Po\u00a0wydarzeniach otwarcia i\u00a0sze\u015bciu tygodniach prezentacji g\u0142\u00f3wnych ekspozycji WRO 2015, wystawa WRO R\u00e9sum\u00e9 gromadzi to\u00a0co najciekawsze i\u00a0najwa\u017cniejsze w\u00a0tegorocznym Biennale.<\/div>\n<div>W\u00a0Centrum Sztuki WRO w\u00a0nowej aran\u017cacji ogl\u0105da\u0107 mo\u017cna prace nagrodzone \u2013 \u201eBig Dipper\u201d Michaela Candy i\u00a0<strong>\u201eKochank\u0119\u201d Agaty Kus<\/strong> oraz\u00a0inne instalacje ciesz\u0105ce si\u0119 podczas Biennale najwi\u0119kszym uznaniem i\u00a0zainteresowaniem publiczno\u015bci i\u00a0krytyki, dokumentacje prac, performans\u00f3w i\u00a0dzia\u0142a\u0144 na\u00a0\u017cywo dost\u0119pne w\u00a0innowacyjnej formie, zapisy wyst\u0105pie\u0144 na\u00a0konferencjach WRO 2015 oraz\u00a0materia\u0142y reporta\u017cowe chwytaj\u0105ce klimat Biennale.<\/div>\n<div><strong>Wernisa\u017c:<\/strong><\/div>\n<div><strong>17 lipca o\u00a0g. 18:00, po\u0142\u0105czony z\u00a0piknikiem s\u0105siedzkim \u201eWidok na\u00a0Widok\u201d na\u00a0skwerze przed\u00a0Centrum Sztuki WRO<\/strong><\/div>\n<div><\/div>\n<div><strong>Dyrektor artystyczny Biennale<\/strong>: Piotr Krajewski<\/div>\n<div><strong>Dyrektor Centrum Sztuki WRO<\/strong>: Viola Krajewska<\/div>\n<div><strong>G\u0142\u00f3wny organizator<\/strong>: Fundacja WRO Centrum Sztuki Medi\u00f3w |\u00a0<strong>Realizacja<\/strong>: Centrum Sztuki WRO<\/div>\n<div>\n<div><strong>Mecenas Biennale WRO<\/strong>: Griffin Art Space<\/div>\n<div><strong>Dofinansowano ze\u00a0\u015brodk\u00f3w Gminy Wroc\u0142aw oraz\u00a0Ministra Kultury i\u00a0Dziedzictwa Narodowego<\/strong><\/div>\n<div><a href=\"http:\/\/agatakus.pl\/wp-content\/uploads\/2015\/11\/11940719_1017464308287151_3801057379020131862_n.jpg\"><img loading=\"lazy\" decoding=\"async\" class=\"alignnone wp-image-97 size-full\" src=\"https:\/\/agatakus.pl\/wp-content\/uploads\/2015\/11\/11940719_1017464308287151_3801057379020131862_n.jpg\" alt=\"11940719_1017464308287151_3801057379020131862_n\" width=\"853\" height=\"316\" srcset=\"https:\/\/agatakus.pl\/wp-content\/uploads\/2015\/11\/11940719_1017464308287151_3801057379020131862_n.jpg 853w, https:\/\/agatakus.pl\/wp-content\/uploads\/2015\/11\/11940719_1017464308287151_3801057379020131862_n-300x111.jpg 300w\" sizes=\"auto, (max-width: 853px) 100vw, 853px\" \/><\/a><\/div>\n<div><a href=\"http:\/\/agatakus.pl\/wp-content\/uploads\/2015\/07\/11218193_992466164120299_8904153820436145581_o.jpg\"><img loading=\"lazy\" decoding=\"async\" class=\"aligncenter wp-image-99 size-large\" src=\"https:\/\/agatakus.pl\/wp-content\/uploads\/2015\/07\/11218193_992466164120299_8904153820436145581_o-1024x684.jpg\" alt=\"11218193_992466164120299_8904153820436145581_o\" width=\"1024\" height=\"684\" srcset=\"https:\/\/agatakus.pl\/wp-content\/uploads\/2015\/07\/11218193_992466164120299_8904153820436145581_o-1024x684.jpg 1024w, https:\/\/agatakus.pl\/wp-content\/uploads\/2015\/07\/11218193_992466164120299_8904153820436145581_o-300x200.jpg 300w, https:\/\/agatakus.pl\/wp-content\/uploads\/2015\/07\/11218193_992466164120299_8904153820436145581_o.jpg 1200w\" sizes=\"auto, (max-width: 1024px) 100vw, 1024px\" \/><\/a> <a href=\"http:\/\/agatakus.pl\/wp-content\/uploads\/2015\/07\/11755133_995211247179124_6676290431472402156_n.jpg\"><img loading=\"lazy\" decoding=\"async\" class=\"aligncenter wp-image-100 size-full\" src=\"https:\/\/agatakus.pl\/wp-content\/uploads\/2015\/07\/11755133_995211247179124_6676290431472402156_n.jpg\" alt=\"11755133_995211247179124_6676290431472402156_n\" width=\"850\" height=\"567\" srcset=\"https:\/\/agatakus.pl\/wp-content\/uploads\/2015\/07\/11755133_995211247179124_6676290431472402156_n.jpg 850w, https:\/\/agatakus.pl\/wp-content\/uploads\/2015\/07\/11755133_995211247179124_6676290431472402156_n-300x200.jpg 300w\" sizes=\"auto, (max-width: 850px) 100vw, 850px\" \/><\/a> <a href=\"http:\/\/agatakus.pl\/wp-content\/uploads\/2015\/07\/11781671_995211400512442_4673186072094357556_n-1.jpg\"><img loading=\"lazy\" decoding=\"async\" class=\"aligncenter wp-image-101 size-full\" src=\"https:\/\/agatakus.pl\/wp-content\/uploads\/2015\/07\/11781671_995211400512442_4673186072094357556_n-1.jpg\" alt=\"11781671_995211400512442_4673186072094357556_n (1)\" width=\"850\" height=\"567\" srcset=\"https:\/\/agatakus.pl\/wp-content\/uploads\/2015\/07\/11781671_995211400512442_4673186072094357556_n-1.jpg 850w, https:\/\/agatakus.pl\/wp-content\/uploads\/2015\/07\/11781671_995211400512442_4673186072094357556_n-1-300x200.jpg 300w\" sizes=\"auto, (max-width: 850px) 100vw, 850px\" \/><\/a><\/div>\n<\/div>\n","protected":false},"excerpt":{"rendered":"<p>31 sierpnia \u2013 4\u00a0pa\u017adziernika\u00a02015 Centrum Sztuki WRO,\u00a0Widok 7 Oprowadzania po\u00a0wystawie \u2013 3, 10, 17, 22, 29&hellip;<\/p>\n","protected":false},"author":1,"featured_media":112,"comment_status":"closed","ping_status":"open","sticky":false,"template":"","format":"standard","meta":{"footnotes":""},"categories":[6,8],"tags":[],"class_list":["post-96","post","type-post","status-publish","format-standard","has-post-thumbnail","hentry","category-events","category-news"],"_links":{"self":[{"href":"https:\/\/agatakus.pl\/index.php?rest_route=\/wp\/v2\/posts\/96","targetHints":{"allow":["GET"]}}],"collection":[{"href":"https:\/\/agatakus.pl\/index.php?rest_route=\/wp\/v2\/posts"}],"about":[{"href":"https:\/\/agatakus.pl\/index.php?rest_route=\/wp\/v2\/types\/post"}],"author":[{"embeddable":true,"href":"https:\/\/agatakus.pl\/index.php?rest_route=\/wp\/v2\/users\/1"}],"replies":[{"embeddable":true,"href":"https:\/\/agatakus.pl\/index.php?rest_route=%2Fwp%2Fv2%2Fcomments&post=96"}],"version-history":[{"count":4,"href":"https:\/\/agatakus.pl\/index.php?rest_route=\/wp\/v2\/posts\/96\/revisions"}],"predecessor-version":[{"id":113,"href":"https:\/\/agatakus.pl\/index.php?rest_route=\/wp\/v2\/posts\/96\/revisions\/113"}],"wp:featuredmedia":[{"embeddable":true,"href":"https:\/\/agatakus.pl\/index.php?rest_route=\/wp\/v2\/media\/112"}],"wp:attachment":[{"href":"https:\/\/agatakus.pl\/index.php?rest_route=%2Fwp%2Fv2%2Fmedia&parent=96"}],"wp:term":[{"taxonomy":"category","embeddable":true,"href":"https:\/\/agatakus.pl\/index.php?rest_route=%2Fwp%2Fv2%2Fcategories&post=96"},{"taxonomy":"post_tag","embeddable":true,"href":"https:\/\/agatakus.pl\/index.php?rest_route=%2Fwp%2Fv2%2Ftags&post=96"}],"curies":[{"name":"wp","href":"https:\/\/api.w.org\/{rel}","templated":true}]}}